{"id":20096,"date":"2026-06-18T17:16:18","date_gmt":"2026-06-18T17:16:18","guid":{"rendered":"https:\/\/cafe95.com.au\/?p=20096"},"modified":"2026-06-18T17:16:18","modified_gmt":"2026-06-18T17:16:18","slug":"taller-literario-costa-araucania-presenta","status":"publish","type":"post","link":"https:\/\/cafe95.com.au\/index.php\/2026\/06\/18\/taller-literario-costa-araucania-presenta\/","title":{"rendered":"Taller Literario \u00abCosta Araucan\u00eda\u00bb presenta Antolog\u00eda Intercomunal"},"content":{"rendered":"<div id=\"toc\" style=\"background: #f9f9f9;border: 1px solid #aaa;display: table;margin-bottom: 1em;padding: 1em;width: 350px;\">\n<p class=\"toctitle\" style=\"font-weight: 700;text-align: center;\">Content<\/p>\n<ul class=\"toc_list\">\n<li><a href=\"#toc-0\">Destinos<\/a><\/li>\n<li><a href=\"#toc-3\">Educaci\u00f3n y AMRA realizan in\u00e9dita jornada de trabajo con miras a la instalaci\u00f3n de los nuevos Servicios Locales<\/a><\/li>\n<li><a href=\"#toc-5\">SLEP Costa Araucan\u00eda inaugur\u00f3 obras de renovaci\u00f3n de la Escuela P\u00fablica Chivilcoy\u00e1n<\/a><\/li>\n<\/ul>\n<\/div>\n<p>Las ciudades y pueblos de la regi\u00f3n, como Teodoro Schmidt con su mezcla de r\u00edo y mar, Puerto Saavedra y su encanto balneario, ofrecen lugares \u00fanicos para explorar y fotografiar. Por su parte, el representante del \u00fanico servicio local de la regi\u00f3n sostuvo&nbsp;\u201cvemos como positivos los cambios que se est\u00e1n proponiendo pues apuntan a corregir los problemas que nosotros sufrimos en la instalaci\u00f3n. Asegurando que el traspaso previo desde los municipios sea m\u00e1s ordenado en lo administrativo y financiero, adem\u00e1s de considerar la inversi\u00f3n en infraestructura asegurando est\u00e1ndares de habitabilidad para los estudiantes\u201d. El Gobierno envi\u00f3 al Congreso la iniciativa que busca mejorar el traspaso de establecimientos a los Servicios Locales de Educaci\u00f3n P\u00fablica y desarrollar capacidades administrativas, financieras y pedag\u00f3gicas en estos servicios. La propuesta contempla seis ejes con medidas, como la obligatoriedad de los planes de transici\u00f3n y la creaci\u00f3n de un Fondo de Infraestructura para la Educaci\u00f3n P\u00fablica. En tanto, los jardines, escuelas y liceos que se encuentran en las comunas que est\u00e1n en cuarentena, nos referimos a Nueva Imperial, Saavedra y Tolt\u00e9n deber\u00e1n iniciar clases a distancia, donde se espera que el personal docente y asistente de la educaci\u00f3n pueda presentarse en sus establecimientos a partir del 1 de marzo, en el marco de la programaci\u00f3n que cada comunidad educativa tiene estipulada.<\/p>\n<h2 id=\"toc-0\">Destinos<\/h2>\n<p>Esta noticia fue muy bien recibida por los emprendedores de la zona que participaron en la ceremonia lanzamiento. Juan Armijo, representante del sector tur\u00edstico de Nueva Imperial, afirm\u00f3 \u201ces super importante cualquier tipo de ayuda que nos est\u00e9 llegando a los emprendedores que hemos sufrido tanto el flagelo de esta pandemia, para as\u00ed sacar adelante la l\u00ednea del turismo que tan importante y transversal para quienes habitamos la costa de La Araucan\u00eda\u201d. Durante cinco d\u00edas, tour operadores de pa\u00edses como M\u00e9xico, Canad\u00e1, Per\u00fa, Inglaterra, Francia y Noruega, recorrieron los destinos Andino y Costa, conociendo experiencias de turismo aventura, cultura y naturaleza. El Gobernador de La Araucan\u00eda, Luciano Rivas, expres\u00f3 su satisfacci\u00f3n con el desarrollo del programa, destacando su impacto directo en los beneficiarios. \u201cEl proyecto no solo se enfoca en la entrega de recursos, sino que tambi\u00e9n incluye un componente de formaci\u00f3n y acompa\u00f1amiento continuo. Esto asegura que los emprendedores puedan desarrollar habilidades empresariales s\u00f3lidas y sostenibles a largo plazo\u201d, afirm\u00f3.<\/p>\n<p>Hoy hemos querido aumentar a 70 beneficiarios la cobertura de este programa, lo que supone eventualmente triplicar los cupos <a href=\"costaaraucania.cl\"> costaaraucania.cl<\/a> que tuvo la primera vez, esperando que la postulaci\u00f3n sea todo un \u00e9xito para apoyar a nuestros emprendedores y que el desarrollo llegue a cada rinc\u00f3n de nuestra querida regi\u00f3n\u201d,&nbsp;manifest\u00f3 el Gobernador Regional, Luciano Rivas. Esta carta de navegaci\u00f3n incluye el marco val\u00f3rico del Servicio Local de Educaci\u00f3n P\u00fablica Costa Araucan\u00eda donde se conoce nuestra visi\u00f3n, misi\u00f3n, prop\u00f3sito y sellos con los que trabajaremos durante los pr\u00f3ximos 6 a\u00f1os de gesti\u00f3n. Despu\u00e9s de un rico desayuno, prep\u00e1rate para un d\u00eda de actividades al aire libre en Puerto Saavedra, localidad que hered\u00f3 su nombre del Mapudungun y que significa \u201cLa melod\u00eda del r\u00edo cuando suena\u201d, ya que aqu\u00ed confluyen las aguas del oc\u00e9ano Pac\u00edfico, del lago Budi y del r\u00edo Imperial. Con una amplia experiencia profesional ligada al sector, el licenciado en turismo y administrador tur\u00edstico de la Universidad de La Serena, ha ocupado posiciones directivas antes en Sernatur, dirigiendo la direcci\u00f3n regional de Atacama entre 2013 y 2018. La Araucan\u00eda es el territorio con mayor presencia de poblaci\u00f3n originaria del pa\u00eds y cuna del pueblo mapuche o \u201cgente de la tierra\u201d, el m\u00e1s numeroso y representativo de Chile.<\/p>\n<p>En la milenaria tierra de las araucarias, la profundidad en el tiempo se presenta en cada detalle de la regi\u00f3n. En las grandes reservas de la bi\u00f3sfera, en los r\u00edos, lagos, volcanes, monta\u00f1as, bosques y valles. \u00abC\u00f3mo entender al cliente y las redes afectan de manera positiva mis ventas\u00bb es otro de los cursos que entrega este programa donde se profundiza en dise\u00f1o y est\u00e9tica empresarial, branding, psicolog\u00eda del consumidor, marketing digital (SEO, marketing de contenidos, publicidad digital, redes sociales), y la influencia del dise\u00f1o en la percepci\u00f3n de calidad y valor.<\/p>\n<h3 id=\"toc-1\">Cerveceros Costa Araucan\u00eda A.G. se une a Marca Chile<\/h3>\n<p>El ministro aprovech\u00f3 la oportunidad para informar que la Contralor\u00eda General de la Rep\u00fablica tom\u00f3 raz\u00f3n del decreto presidencial, impulsado por el Ministerio de Educaci\u00f3n, que ampl\u00eda el calendario de instalaci\u00f3n de los 53 SLEP que falta por crear, para as\u00ed reducir la cantidad de servicios a abrir por a\u00f1o y permitir que estos mejoren su puesta en marcha. \u201cHabida cuenta de la complejidad que esto significaba, y tras un conjunto de evaluaciones que se han hecho respecto al proceso de instalaci\u00f3n a la fecha, incluido el Consejo Evaluador, se ha tomado la decisi\u00f3n de extender el calendario de implementaci\u00f3n, para contar con mayor tiempo en la instalaci\u00f3n de los nuevos SLEP. Hoy tenemos un imperativo, que es poner en el centro los jardines infantiles, escuelas y liceos de la Educaci\u00f3n P\u00fablica con un trabajo cercano, de mejor coordinaci\u00f3n y colaboraci\u00f3n\u201d, agreg\u00f3 el director. En la actividad, que cont\u00f3 con la presentaci\u00f3n de la Escuela de Rock del SLEP Gabriela Mistral, que est\u00e1 a cargo del exbaterista de Los Prisioneros Miguel Tapia, el ministro \u00c1vila mostr\u00f3 las piezas audiovisuales de la campa\u00f1a y explic\u00f3 que \u201cacompa\u00f1ar el proceso de instalaci\u00f3n y reposicionar a la educaci\u00f3n p\u00fablica\u201d es una de las prioridades mandatadas por el Presidente de la Rep\u00fablica. Hemos podido ver durante la pandemia c\u00f3mo las mujeres han tomado este rol tan importante que es mantener la econom\u00eda familiar y nosotros, como Gobierno Regional, estamos demostrando que le creemos a las mujeres\u201d. Seg\u00fan el Bar\u00f3metro de Turismo de la Subsecretar\u00eda de Turismo, en noviembre de 2024 las llegadas a establecimientos tur\u00edsticos alcanzaron 44.654, un 19.8% por sobre los niveles prepandemia.<\/p>\n<ul>\n<li>El segundo d\u00eda visitar\u00e1s Tolt\u00e9n Viejo, devastado por el tsunami de 1960, y luego te adentrar\u00e1s en la comunidad mapuche de Llaguepulli, donde vivir\u00e1s experiencias culturales como medicina tradicional, arte textil y cosmovisi\u00f3n ancestral.<\/li>\n<li>En la ceremonia de cierre estuvo presente el alcalde C\u00e9sar Sep\u00falveda Huerta junto a la diputada Erika \u00d1anco; el seremi de Hacienda, Ronald Kliebs; el director de Sercotec, Cristian Epuin; el consejero regional Rodrigo Pacheco; los dirigentes y socios de La Playita, encabezados por su presidente Mart\u00edn Lincovil, entre otras autoridades e invitados especiales.<\/li>\n<li>Se agilizar\u00e1 el nombramiento de los directores ejecutivos de SLEP y se modificar\u00e1 el proceso de remoci\u00f3n de estos cargos cuando sea el caso.<\/li>\n<li>El programa de capacitaci\u00f3n denominado \u201cPotenciar el capital humano Zona de Rezago Costa Araucan\u00eda\u201d, es desarrollado por la Universidad Aut\u00f3noma de Chile y tiene por objetivo capacitar a los habitantes de la zona costera, con altos est\u00e1ndares de conocimiento, utilizando metodolog\u00edas de ense\u00f1anza te\u00f3rico-pr\u00e1cticos, con talleres que les permitan aprender de manera sencilla lo necesario para implementar y mejorar su actividad.<\/li>\n<li>Aproximadamente 11 millones de pesos se invirtieron en publicidad y productos para promocionar la zona costera de la regi\u00f3n de La Araucan\u00eda.<\/li>\n<\/ul>\n<p>Ubicada en Tolt\u00e9n, esta caleta pesquera es famosa por su actividad mar\u00edtima y su exquisita gastronom\u00eda basada en mariscos y pescados frescos. Ubicada en la comuna de Carahue, esta playa es famosa por su extenso humedal, el Humedal de Monkul, reconocido por su biodiversidad. Siguiendo las directrices del Ministerio de Educaci\u00f3n, procuramos igualmente brindar una educaci\u00f3n que prepare al estudiante para los desaf\u00edos del mundo en que le tocar\u00e1 desenvolverse, desarrollando capacidades en las tecnolog\u00edas de la informaci\u00f3n, el aprendizaje del idioma ingl\u00e9s y el trabajo en habilidades blandas.<\/p>\n<h3 id=\"toc-2\">Descubre la Ruta Costa Araucan\u00eda con la Experta en Turismo IP Santo Tom\u00e1s Temuco<\/h3>\n<p>Interesados, enviar sus antecedentes al correo electr\u00f3nico &amp;#128231; \u2013 s\u00f3lo se responder\u00e1n consultas por el correo antes se\u00f1alado. Desde el lunes 6 hasta el s\u00e1bado 11 de enero, la competencia se desarroll\u00f3 en un formato que incluy\u00f3 seis d\u00edas de campus formativo, orientado al desarrollo de habilidades y t\u00e9cnicas de los participantes. La liga cont\u00f3 con la participaci\u00f3n de equipos de toda la regi\u00f3n y delegaciones internacionales, quienes compitieron en diversas categor\u00edas, tanto femeninas como masculinas, abarcando distintas edades. Un destino sin l\u00edmites donde la aventura, la naturaleza y el ocio parecen mezclarse de forma perfecta es lo que ofrece La Araucan\u00eda.<\/p>\n<p>En medio de los fascinantes paisajes de La Araucan\u00eda, se esconden destinos a\u00fan por descubrir que ofrecen una gama de experiencias extraordinarias. Para adentrarnos en estos tesoros ocultos, Velis Vargas Valenzuela, directora de la Carrera de Turismo del Instituto Profesional Santo Tom\u00e1s Temuco, nos entrega valiosa informaci\u00f3n para ampliar nuestro conocimiento de la Novena Regi\u00f3n. Cultura e historia se mezclan en la Regi\u00f3n de La Araucan\u00eda formando la identidad de una de las regiones m\u00e1s diversas de Chile. Sus privilegiadas condiciones clim\u00e1ticas y de suelos&nbsp;favorecen una vegetaci\u00f3n abundante y fruct\u00edfera, con especies \u00fanicas en el mundo. Bosques nativos, volcanes, r\u00edos y lagos son caracter\u00edsticos de este territorio, regado abundantemente por la lluvia durante todo el periodo invernal. Si te da hambre luego de esta caminata, disfruta de un rico plato chileno en cualquier restaurante en el centro de Temuco y despu\u00e9s dir\u00edgete al Museo Nacional Ferroviario Pablo Neruda, declarado Monumento Nacional, donde viajar\u00e1s al pasado y conocer\u00e1s los trenes que a\u00fan rescatan el testimonio m\u00e1s v\u00edvido de los inicios de la ciudad de Temuco y del desarrollo de la regi\u00f3n.<\/p>\n<p>Para el director ejecutivo, Patricio Solano, el proceso fue muy participativo y de f\u00e1cil acceso ya que esta vez se desarroll\u00f3 de manera telem\u00e1tica. \u201cComo Servicio Local estamos muy contentos con los resultados obtenidos, ya que todos los estamentos est\u00e1n representados en este espacio que buscar\u00e1 siempre lo mejor para la educaci\u00f3n de nuestros ni\u00f1os, ni\u00f1as y j\u00f3venes\u201d, mencion\u00f3. El Programa de Reconversi\u00f3n Forestal para la Diversificaci\u00f3n en la Zona de Rezago Costa Araucan\u00eda, que beneficiar\u00e1 a un total de 70 peque\u00f1os productores agr\u00edcolas de las comunas de Imperial, Carahue, Saavedra, Teodoro Schmidt y Tolt\u00e9n, ha generado una gran expectativa en la regi\u00f3n. Este proyecto del Gobierno Regional, que contempla un aporte de 5 millones 200 mil pesos por beneficiario, ser\u00e1 ejecutado por la prestigiosa Universidad Aut\u00f3noma de Chile. Reconversi\u00f3n Forestal para la Diversificaci\u00f3n, Emprendemos Juntos y Reactivaci\u00f3n Mipyme, son los tres programas de fortalecimiento del Gobierno Regional de La Araucan\u00eda que beneficiar\u00e1n a 140 emprendedores de las comunas de Tolt\u00e9n, Teodoro Schmidt, Carahue, Nueva Imperial y Saavedra y que, en conjunto, suman $1.272 millones.<\/p>\n<p>Esta naturaleza se encuentra protegida en parques y reservas nacionales accesibles, a trav\u00e9s de una importante red de senderos. Los paisajes de la regi\u00f3n recuerdan a Los Alpes, con centros de esqu\u00ed ubicados en los faldeos de volcanes activos y numerosos brotes de aguas termales en los alrededores. Su geograf\u00eda modelada por los volcanes ha creado escenarios ideales para el turismo aventura, como r\u00e1pidos, ca\u00f1ones y campos de lava. Las costumbres y saberes de este pueblo siguen vivos, especialmente en sectores cercanos a Temuco, al lago Budi en la costa, en torno a Nahuelbuta al norte de la regi\u00f3n; en Villarrica, Puc\u00f3n, Curarrehue y los lagos Galletu\u00e9 e Icalma en la zona Andino-Lacustre.<\/p>\n<p>Promovemos la capacitaci\u00f3n y el perfeccionamiento continuo, fortaleciendo las competencias de docentes y asistentes para una educaci\u00f3n de calidad. Liderada por una Direcci\u00f3n de Educaci\u00f3n P\u00fablica, y administrada por los Servicios Locales que existen, y los que se est\u00e1n creando gradualmente en nuestro territorio nacional.<\/p>\n<p>La Asociaci\u00f3n Costa Araucan\u00eda, a la cual pertenecen las comunas de Carahue, Nueva Imperial, Puerto Saavedra, Teodoro Schmidt y Tolt\u00e9n recibi\u00f3 un cargador frontal. \u201cParticipar en el Festival de Turismo de Shangh\u00e1i y celebrar el 18 de septiembre en Beijing ha sido una experiencia inolvidable. Ahora estamos enfocados en nuestro pr\u00f3ximo desaf\u00edo en Corea, donde daremos lo mejor de nosotros para representar a Chile y a nuestra querida regi\u00f3n de La Araucan\u00eda\u201d, coment\u00f3 Evelyn D\u00edaz, presidenta del Ballet Costa Araucan\u00eda. El Ballet Costa Araucan\u00eda particip\u00f3 en el aclamado Festival de Turismo de Shangh\u00e1i (STF), uno de los eventos culturales m\u00e1s influyentes de China. Para llegar a Curacaut\u00edn y Lonquimay desde Santiago se debe ingresar en la ciudad de Victoria, desde ah\u00ed hasta Curacaut\u00edn hay 56 km y hasta Lonquimay son 119 km por ruta asfaltada.Para llegar a Melipeuco desde Temuco hacia el este, son 92 km por ruta asfaltada.En condiciones normales, llegar desde Santiago a estas localidades toma entre 10 a 11 horas.<\/p>\n","protected":false},"excerpt":{"rendered":"<p>Content Destinos Educaci\u00f3n y AMRA realizan in\u00e9dita jornada de trabajo con miras a la instalaci\u00f3n de los nuevos Servicios Locales SLEP Costa Araucan\u00eda inaugur\u00f3 obras de renovaci\u00f3n de la Escuela P\u00fablica Chivilcoy\u00e1n Las ciudades y pueblos de la regi\u00f3n, como Teodoro Schmidt con su mezcla de r\u00edo y mar, Puerto Saavedra y su encanto balneario, [&hellip;]<\/p>\n","protected":false},"author":4,"featured_media":0,"comment_status":"open","ping_status":"open","sticky":false,"template":"","format":"standard","meta":{"footnotes":""},"categories":[17],"tags":[],"class_list":["post-20096","post","type-post","status-publish","format-standard","hentry","category-costaaraucania-cl"],"yoast_head":"<!-- This site is optimized with the Yoast SEO plugin v26.2 - https:\/\/yoast.com\/wordpress\/plugins\/seo\/ -->\n<title>Taller Literario \u00abCosta Araucan\u00eda\u00bb presenta Antolog\u00eda Intercomunal - cafe95.com.au<\/title>\n<meta name=\"robots\" content=\"index, follow, max-snippet:-1, max-image-preview:large, max-video-preview:-1\" \/>\n<link rel=\"canonical\" href=\"https:\/\/cafe95.com.au\/index.php\/2026\/06\/18\/taller-literario-costa-araucania-presenta\/\" \/>\n<meta property=\"og:locale\" content=\"en_US\" \/>\n<meta property=\"og:type\" content=\"article\" \/>\n<meta property=\"og:title\" content=\"Taller Literario \u00abCosta Araucan\u00eda\u00bb presenta Antolog\u00eda Intercomunal - cafe95.com.au\" \/>\n<meta property=\"og:description\" content=\"Content Destinos Educaci\u00f3n y AMRA realizan in\u00e9dita jornada de trabajo con miras a la instalaci\u00f3n de los nuevos Servicios Locales SLEP Costa Araucan\u00eda inaugur\u00f3 obras de renovaci\u00f3n de la Escuela P\u00fablica Chivilcoy\u00e1n Las ciudades y pueblos de la regi\u00f3n, como Teodoro Schmidt con su mezcla de r\u00edo y mar, Puerto Saavedra y su encanto balneario, [&hellip;]\" \/>\n<meta property=\"og:url\" content=\"https:\/\/cafe95.com.au\/index.php\/2026\/06\/18\/taller-literario-costa-araucania-presenta\/\" \/>\n<meta property=\"og:site_name\" content=\"cafe95.com.au\" \/>\n<meta property=\"article:published_time\" content=\"2026-06-18T17:16:18+00:00\" \/>\n<meta name=\"author\" content=\"admlnlx\" \/>\n<meta name=\"twitter:card\" content=\"summary_large_image\" \/>\n<meta name=\"twitter:label1\" content=\"Written by\" \/>\n\t<meta name=\"twitter:data1\" content=\"admlnlx\" \/>\n\t<meta name=\"twitter:label2\" content=\"Est. reading time\" \/>\n\t<meta name=\"twitter:data2\" content=\"11 minutes\" \/>\n<script type=\"application\/ld+json\" class=\"yoast-schema-graph\">{\"@context\":\"https:\/\/schema.org\",\"@graph\":[{\"@type\":\"Article\",\"@id\":\"https:\/\/cafe95.com.au\/index.php\/2026\/06\/18\/taller-literario-costa-araucania-presenta\/#article\",\"isPartOf\":{\"@id\":\"https:\/\/cafe95.com.au\/index.php\/2026\/06\/18\/taller-literario-costa-araucania-presenta\/\"},\"author\":{\"name\":\"admlnlx\",\"@id\":\"https:\/\/cafe95.com.au\/#\/schema\/person\/47ec1202bf1f3a6d9fabb300847f84e6\"},\"headline\":\"Taller Literario \u00abCosta Araucan\u00eda\u00bb presenta Antolog\u00eda Intercomunal\",\"datePublished\":\"2026-06-18T17:16:18+00:00\",\"mainEntityOfPage\":{\"@id\":\"https:\/\/cafe95.com.au\/index.php\/2026\/06\/18\/taller-literario-costa-araucania-presenta\/\"},\"wordCount\":2279,\"commentCount\":0,\"publisher\":{\"@id\":\"https:\/\/cafe95.com.au\/#organization\"},\"articleSection\":[\"costaaraucania.cl\"],\"inLanguage\":\"en-US\",\"potentialAction\":[{\"@type\":\"CommentAction\",\"name\":\"Comment\",\"target\":[\"https:\/\/cafe95.com.au\/index.php\/2026\/06\/18\/taller-literario-costa-araucania-presenta\/#respond\"]}]},{\"@type\":\"WebPage\",\"@id\":\"https:\/\/cafe95.com.au\/index.php\/2026\/06\/18\/taller-literario-costa-araucania-presenta\/\",\"url\":\"https:\/\/cafe95.com.au\/index.php\/2026\/06\/18\/taller-literario-costa-araucania-presenta\/\",\"name\":\"Taller Literario \u00abCosta Araucan\u00eda\u00bb presenta Antolog\u00eda Intercomunal - cafe95.com.au\",\"isPartOf\":{\"@id\":\"https:\/\/cafe95.com.au\/#website\"},\"datePublished\":\"2026-06-18T17:16:18+00:00\",\"breadcrumb\":{\"@id\":\"https:\/\/cafe95.com.au\/index.php\/2026\/06\/18\/taller-literario-costa-araucania-presenta\/#breadcrumb\"},\"inLanguage\":\"en-US\",\"potentialAction\":[{\"@type\":\"ReadAction\",\"target\":[\"https:\/\/cafe95.com.au\/index.php\/2026\/06\/18\/taller-literario-costa-araucania-presenta\/\"]}]},{\"@type\":\"BreadcrumbList\",\"@id\":\"https:\/\/cafe95.com.au\/index.php\/2026\/06\/18\/taller-literario-costa-araucania-presenta\/#breadcrumb\",\"itemListElement\":[{\"@type\":\"ListItem\",\"position\":1,\"name\":\"Home\",\"item\":\"https:\/\/cafe95.com.au\/\"},{\"@type\":\"ListItem\",\"position\":2,\"name\":\"Taller Literario \u00abCosta Araucan\u00eda\u00bb presenta Antolog\u00eda Intercomunal\"}]},{\"@type\":\"WebSite\",\"@id\":\"https:\/\/cafe95.com.au\/#website\",\"url\":\"https:\/\/cafe95.com.au\/\",\"name\":\"cafe95.com.au\",\"description\":\"\",\"publisher\":{\"@id\":\"https:\/\/cafe95.com.au\/#organization\"},\"potentialAction\":[{\"@type\":\"SearchAction\",\"target\":{\"@type\":\"EntryPoint\",\"urlTemplate\":\"https:\/\/cafe95.com.au\/?s={search_term_string}\"},\"query-input\":{\"@type\":\"PropertyValueSpecification\",\"valueRequired\":true,\"valueName\":\"search_term_string\"}}],\"inLanguage\":\"en-US\"},{\"@type\":\"Organization\",\"@id\":\"https:\/\/cafe95.com.au\/#organization\",\"name\":\"cafe95.com.au\",\"url\":\"https:\/\/cafe95.com.au\/\",\"logo\":{\"@type\":\"ImageObject\",\"inLanguage\":\"en-US\",\"@id\":\"https:\/\/cafe95.com.au\/#\/schema\/logo\/image\/\",\"url\":\"https:\/\/cafe95.com.au\/wp-content\/uploads\/2025\/10\/Cafe-95-logo.png\",\"contentUrl\":\"https:\/\/cafe95.com.au\/wp-content\/uploads\/2025\/10\/Cafe-95-logo.png\",\"width\":500,\"height\":500,\"caption\":\"cafe95.com.au\"},\"image\":{\"@id\":\"https:\/\/cafe95.com.au\/#\/schema\/logo\/image\/\"}},{\"@type\":\"Person\",\"@id\":\"https:\/\/cafe95.com.au\/#\/schema\/person\/47ec1202bf1f3a6d9fabb300847f84e6\",\"name\":\"admlnlx\",\"image\":{\"@type\":\"ImageObject\",\"inLanguage\":\"en-US\",\"@id\":\"https:\/\/cafe95.com.au\/#\/schema\/person\/image\/\",\"url\":\"https:\/\/secure.gravatar.com\/avatar\/a93d48edbbbd1ec44b3363decaab43c95e33c3e08964adb9df8fc7c357229752?s=96&d=mm&r=g\",\"contentUrl\":\"https:\/\/secure.gravatar.com\/avatar\/a93d48edbbbd1ec44b3363decaab43c95e33c3e08964adb9df8fc7c357229752?s=96&d=mm&r=g\",\"caption\":\"admlnlx\"},\"url\":\"https:\/\/cafe95.com.au\/index.php\/author\/admlnlx\/\"}]}<\/script>\n<!-- \/ Yoast SEO plugin. -->","yoast_head_json":{"title":"Taller Literario \u00abCosta Araucan\u00eda\u00bb presenta Antolog\u00eda Intercomunal - cafe95.com.au","robots":{"index":"index","follow":"follow","max-snippet":"max-snippet:-1","max-image-preview":"max-image-preview:large","max-video-preview":"max-video-preview:-1"},"canonical":"https:\/\/cafe95.com.au\/index.php\/2026\/06\/18\/taller-literario-costa-araucania-presenta\/","og_locale":"en_US","og_type":"article","og_title":"Taller Literario \u00abCosta Araucan\u00eda\u00bb presenta Antolog\u00eda Intercomunal - cafe95.com.au","og_description":"Content Destinos Educaci\u00f3n y AMRA realizan in\u00e9dita jornada de trabajo con miras a la instalaci\u00f3n de los nuevos Servicios Locales SLEP Costa Araucan\u00eda inaugur\u00f3 obras de renovaci\u00f3n de la Escuela P\u00fablica Chivilcoy\u00e1n Las ciudades y pueblos de la regi\u00f3n, como Teodoro Schmidt con su mezcla de r\u00edo y mar, Puerto Saavedra y su encanto balneario, [&hellip;]","og_url":"https:\/\/cafe95.com.au\/index.php\/2026\/06\/18\/taller-literario-costa-araucania-presenta\/","og_site_name":"cafe95.com.au","article_published_time":"2026-06-18T17:16:18+00:00","author":"admlnlx","twitter_card":"summary_large_image","twitter_misc":{"Written by":"admlnlx","Est. reading time":"11 minutes"},"schema":{"@context":"https:\/\/schema.org","@graph":[{"@type":"Article","@id":"https:\/\/cafe95.com.au\/index.php\/2026\/06\/18\/taller-literario-costa-araucania-presenta\/#article","isPartOf":{"@id":"https:\/\/cafe95.com.au\/index.php\/2026\/06\/18\/taller-literario-costa-araucania-presenta\/"},"author":{"name":"admlnlx","@id":"https:\/\/cafe95.com.au\/#\/schema\/person\/47ec1202bf1f3a6d9fabb300847f84e6"},"headline":"Taller Literario \u00abCosta Araucan\u00eda\u00bb presenta Antolog\u00eda Intercomunal","datePublished":"2026-06-18T17:16:18+00:00","mainEntityOfPage":{"@id":"https:\/\/cafe95.com.au\/index.php\/2026\/06\/18\/taller-literario-costa-araucania-presenta\/"},"wordCount":2279,"commentCount":0,"publisher":{"@id":"https:\/\/cafe95.com.au\/#organization"},"articleSection":["costaaraucania.cl"],"inLanguage":"en-US","potentialAction":[{"@type":"CommentAction","name":"Comment","target":["https:\/\/cafe95.com.au\/index.php\/2026\/06\/18\/taller-literario-costa-araucania-presenta\/#respond"]}]},{"@type":"WebPage","@id":"https:\/\/cafe95.com.au\/index.php\/2026\/06\/18\/taller-literario-costa-araucania-presenta\/","url":"https:\/\/cafe95.com.au\/index.php\/2026\/06\/18\/taller-literario-costa-araucania-presenta\/","name":"Taller Literario \u00abCosta Araucan\u00eda\u00bb presenta Antolog\u00eda Intercomunal - cafe95.com.au","isPartOf":{"@id":"https:\/\/cafe95.com.au\/#website"},"datePublished":"2026-06-18T17:16:18+00:00","breadcrumb":{"@id":"https:\/\/cafe95.com.au\/index.php\/2026\/06\/18\/taller-literario-costa-araucania-presenta\/#breadcrumb"},"inLanguage":"en-US","potentialAction":[{"@type":"ReadAction","target":["https:\/\/cafe95.com.au\/index.php\/2026\/06\/18\/taller-literario-costa-araucania-presenta\/"]}]},{"@type":"BreadcrumbList","@id":"https:\/\/cafe95.com.au\/index.php\/2026\/06\/18\/taller-literario-costa-araucania-presenta\/#breadcrumb","itemListElement":[{"@type":"ListItem","position":1,"name":"Home","item":"https:\/\/cafe95.com.au\/"},{"@type":"ListItem","position":2,"name":"Taller Literario \u00abCosta Araucan\u00eda\u00bb presenta Antolog\u00eda Intercomunal"}]},{"@type":"WebSite","@id":"https:\/\/cafe95.com.au\/#website","url":"https:\/\/cafe95.com.au\/","name":"cafe95.com.au","description":"","publisher":{"@id":"https:\/\/cafe95.com.au\/#organization"},"potentialAction":[{"@type":"SearchAction","target":{"@type":"EntryPoint","urlTemplate":"https:\/\/cafe95.com.au\/?s={search_term_string}"},"query-input":{"@type":"PropertyValueSpecification","valueRequired":true,"valueName":"search_term_string"}}],"inLanguage":"en-US"},{"@type":"Organization","@id":"https:\/\/cafe95.com.au\/#organization","name":"cafe95.com.au","url":"https:\/\/cafe95.com.au\/","logo":{"@type":"ImageObject","inLanguage":"en-US","@id":"https:\/\/cafe95.com.au\/#\/schema\/logo\/image\/","url":"https:\/\/cafe95.com.au\/wp-content\/uploads\/2025\/10\/Cafe-95-logo.png","contentUrl":"https:\/\/cafe95.com.au\/wp-content\/uploads\/2025\/10\/Cafe-95-logo.png","width":500,"height":500,"caption":"cafe95.com.au"},"image":{"@id":"https:\/\/cafe95.com.au\/#\/schema\/logo\/image\/"}},{"@type":"Person","@id":"https:\/\/cafe95.com.au\/#\/schema\/person\/47ec1202bf1f3a6d9fabb300847f84e6","name":"admlnlx","image":{"@type":"ImageObject","inLanguage":"en-US","@id":"https:\/\/cafe95.com.au\/#\/schema\/person\/image\/","url":"https:\/\/secure.gravatar.com\/avatar\/a93d48edbbbd1ec44b3363decaab43c95e33c3e08964adb9df8fc7c357229752?s=96&d=mm&r=g","contentUrl":"https:\/\/secure.gravatar.com\/avatar\/a93d48edbbbd1ec44b3363decaab43c95e33c3e08964adb9df8fc7c357229752?s=96&d=mm&r=g","caption":"admlnlx"},"url":"https:\/\/cafe95.com.au\/index.php\/author\/admlnlx\/"}]}},"_links":{"self":[{"href":"https:\/\/cafe95.com.au\/index.php\/wp-json\/wp\/v2\/posts\/20096","targetHints":{"allow":["GET"]}}],"collection":[{"href":"https:\/\/cafe95.com.au\/index.php\/wp-json\/wp\/v2\/posts"}],"about":[{"href":"https:\/\/cafe95.com.au\/index.php\/wp-json\/wp\/v2\/types\/post"}],"author":[{"embeddable":true,"href":"https:\/\/cafe95.com.au\/index.php\/wp-json\/wp\/v2\/users\/4"}],"replies":[{"embeddable":true,"href":"https:\/\/cafe95.com.au\/index.php\/wp-json\/wp\/v2\/comments?post=20096"}],"version-history":[{"count":1,"href":"https:\/\/cafe95.com.au\/index.php\/wp-json\/wp\/v2\/posts\/20096\/revisions"}],"predecessor-version":[{"id":27840,"href":"https:\/\/cafe95.com.au\/index.php\/wp-json\/wp\/v2\/posts\/20096\/revisions\/27840"}],"wp:attachment":[{"href":"https:\/\/cafe95.com.au\/index.php\/wp-json\/wp\/v2\/media?parent=20096"}],"wp:term":[{"taxonomy":"category","embeddable":true,"href":"https:\/\/cafe95.com.au\/index.php\/wp-json\/wp\/v2\/categories?post=20096"},{"taxonomy":"post_tag","embeddable":true,"href":"https:\/\/cafe95.com.au\/index.php\/wp-json\/wp\/v2\/tags?post=20096"}],"curies":[{"name":"wp","href":"https:\/\/api.w.org\/{rel}","templated":true}]}}