{"id":6603,"date":"2026-03-02T18:55:15","date_gmt":"2026-03-02T18:55:15","guid":{"rendered":"https:\/\/cafe95.com.au\/index.php\/2026\/03\/02\/madrid-vuelta-a-origenes-de-sorolla-en-una\/"},"modified":"2026-03-02T18:55:15","modified_gmt":"2026-03-02T18:55:15","slug":"madrid-vuelta-a-origenes-de-sorolla-en-una","status":"publish","type":"post","link":"https:\/\/cafe95.com.au\/index.php\/2026\/03\/02\/madrid-vuelta-a-origenes-de-sorolla-en-una\/","title":{"rendered":"MADRID Vuelta a &#8216;Or\u00edgenes&#8217; de Sorolla en una exposici\u00f3n el a\u00f1o de su centenario"},"content":{"rendered":"<div id=\"toc\" style=\"background: #f9f9f9;border: 1px solid #aaa;display: table;margin-bottom: 1em;padding: 1em;width: 350px;\">\n<p class=\"toctitle\" style=\"font-weight: 700;text-align: center;\">Content<\/p>\n<ul class=\"toc_list\">\n<li><a href=\"#toc-1\">Otras rutas de inter\u00e9s.<\/a><\/li>\n<li><a href=\"#toc-2\">Atropello de autob\u00fas en el barrio de Salamanca<\/a><\/li>\n<li><a href=\"#toc-3\">Joaqu\u00edn Sorolla, la luz en el tiempo<\/a><\/li>\n<li><a href=\"#toc-5\">Val\u00e8ncia dise\u00f1a la ruta Sorolla para conmemorar el centenario de la muerte del pintor<\/a><\/li>\n<\/ul>\n<\/div>\n<p>Los cuadros del jard\u00edn de Sorolla son las obras de un pintor sabio y maduro, que, en la cumbre de su vida y de su fama, pinta ya solo por su placer. La exposici\u00f3n Sorolla Femenino Plural pretende poner de relieve la presencia de las mujeres en la obra del pintor. Dejando de lado las representaciones de la familia que no participan de esta muestra, esta es abundante y variada, centrada en mujeres de toda condici\u00f3n social. Esta muestra propone un recorrido por el trabajo m\u00e1s desconocido e in\u00e9dito de Joaqu\u00edn Sorolla Bastida, la pintura religiosa. La muestra rinde as\u00ed homenaje a Sorolla como el gran cronista y embajador art\u00edstico de la Espa\u00f1a de entresiglos.<\/p>\n<ul>\n<li>Aprovechando el centenario del pintor valenciano, que se celebra en 2023, este documental sonoro hace un recorrido por sus obras m\u00e1s destacadas.<\/li>\n<li>En Madrid realiz\u00f3 sucesivas visitas al Museo del Prado, donde pudo aprender y copiar obras de los grandes maestros.<\/li>\n<li>Si la propuesta se lleva a cabo, y el A\u00f1o Sorolla podr\u00eda propiciarlo, no ser\u00e1 la primera vez que los \u00f3leos que conserva el museo cubano se cuelguen en una sala de exposiciones de la ciudad.<\/li>\n<\/ul>\n<p>Con ella, el homenaje al maestro de la luz coge impulso para comenzar a desarrollarse en 2023. Pero para los impulsores de la efem\u00e9ride, el A\u00f1o Sorolla ha comenzado justo el jueves 24 de febrero cuando Italia ha recibido con los brazos abiertos la primera exposici\u00f3n del artista en el pa\u00eds alpino. Tras una fecunda vida dedicada a la pintura, falleci\u00f3 en Cercedilla (Madrid) el 10 de agosto de 1923.<\/p>\n<h2 id=\"toc-0\">Correos emite un sello que conmemora el centenario del fallecimiento de Sorolla<\/h2>\n<p>Los comisarios de esta ambiciosa retrospectiva han sido Blanca Pons-Sorolla, bisnieta del pintor; Consuelo Luca de Tena, exdirectora del Museo Sorolla; y Enrique Varela Ag\u00fc\u00ed, actual director del centro. La muestra recorre las obras presentadas por Sorolla en sus exposiciones europeas, y especialmente en Par\u00eds, con las que el artista buscaba labrarse un s\u00f3lido prestigio internacional. La primera de ellas, Sorolla y la pintura valenciana de su tiempo, que tiene lugar en el Museo de Bellas Artes de Alicante, abre la celebraci\u00f3n del a\u00f1o Sorolla en la tierra natal del pintor, la Comunitat Valenciana.<\/p>\n<h3 id=\"toc-1\">Otras rutas de inter\u00e9s.<\/h3>\n<p>Tambi\u00e9n pendiente, la ampliaci\u00f3n del museo, obra del estudio de arquitectura Nieto y Sobejano. \u00abEl proyecto me parece magn\u00edfico, de una sensibilidad enorme\u00bb, advierte la bisnieta del pintor. Yo, desde luego, soy partidaria de que, por supuesto, el Estado debe tener la primera opci\u00f3n de adquirir una obra, pero evidentemente en su precio.<\/p>\n<h2 id=\"toc-2\">Atropello de autob\u00fas en el barrio de Salamanca<\/h2>\n<p>En esta l\u00ednea, &quot;Sorolla Or\u00edgenes&quot; ha abierto ya la programaci\u00f3n de la conmemoraci\u00f3n del centenario del fallecimiento del artista. El pintor ir\u00e1 dibujando los distintos espacios de la casa, incluido el jard\u00edn que rodea la vivienda, con una clara influencia andaluza. \u201cY es as\u00ed que, primando esa alegr\u00eda en su vasta producci\u00f3n, la obra de Sorolla muestra el deseo de felicidad de su autor como ese m\u00e1s all\u00e1 del principio del placer freudiano que anhela un goce desmesurado. Finalmente, \u2018Del Paisaje al jard\u00edn\u2019 concluye la exposici\u00f3n con \u00f3leos como \u2018La siesta\u2019 (1911) y \u2018Jard\u00edn de la Casa Sorolla\u2019 (1910). La Galer\u00eda ha transformado su sala de exposiciones temporales para presentar 77 obras organizadas en cinco l\u00edneas tem\u00e1ticas.<\/p>\n<h3 id=\"toc-3\">Joaqu\u00edn Sorolla, la luz en el tiempo<\/h3>\n<p>Joaqu\u00edn Sorolla naci\u00f3 en Valencia el 27 <a href=\"centenariosorolla.es\">centenariosorolla.es<\/a> de febrero de 1863 y fallec\u00eda 60 a\u00f1os m\u00e1s tarde, en 1923, en el municipio madrile\u00f1o de Cercedilla. Incluso la idea de Clotilde de un museo, viene de aquella intenci\u00f3n\u00bb, ha afirmado el bisnieto del artista. Era el d\u00eda de honrar la memoria del genio de la luz, que muri\u00f3 a los 60 a\u00f1os el 10 de agosto de 1923. Tom\u00f3 as\u00ed contacto con las vanguardias europeas, destacando el impacto que le produjeron las obras de los pintores John Singer Sargent, Giovanni Boldini y Anders Zorn. El legado de Sorolla contin\u00faa vivo a trav\u00e9s de las numerosas exposiciones y eventos organizados en su honor.<\/p>\n<h2 id=\"toc-4\">Cuando una marca deja de vender cosas y empieza a decir qui\u00e9n eres<\/h2>\n<p>Seguir los pasos de Sorolla puede resultar agotador, pero es necesario ya que la esencia misma de su pintura est\u00e1 indisolublemente ligada al concepto del viaje. Sus paisajes y escenas costumbristas est\u00e1n impregnados de la luz cegadora del sol valenciano y de los reflejos del mar. Es uno de los artistas m\u00e1s destacados de la pintura espa\u00f1ola del siglo XIX y principios del siglo XX. Las colecciones del museo est\u00e1n compuestas por obras del propio Sorolla, objetos personales, as\u00ed como muchos otros que como coleccionista reuni\u00f3 durante su vida. Del mismo modo, entre la colecci\u00f3n se encuentran obras de sus familiares m\u00e1s allegados, como sus hijas Mar\u00eda y Helena Sorolla, y de su yerno, Francisco Pons Arnau.<\/p>\n<h3 id=\"toc-5\">Val\u00e8ncia dise\u00f1a la ruta Sorolla para conmemorar el centenario de la muerte del pintor<\/h3>\n<p>Cien a\u00f1os despu\u00e9s de su muerte, ocurrida el 10 de agosto de 1923, Sorolla ha recuperado la fama y prestigio que disfrut\u00f3 en vida y que le fue, diremos que injustamente, arrebatada tras su muerte. Del total, veinticinco piezas se exponen por vez primera al p\u00fablico, de las cuales nueve obras han sido restauradas para su participaci\u00f3n en la exposici\u00f3n. Por su parte, \u2018Un valenciano en Madrid\u2019 re\u00fane una serie de piezas que ilustran c\u00f3mo Sorolla se sinti\u00f3 siempre apegado a su tierra natal. Las secciones \u2018Un camino a seguir\u2019 y \u2018La escuela valenciana\u2019 ahondan tanto en sus fuentes de inspiraci\u00f3n como en su papel como m\u00e1ximo exponente del grupo. Asimismo, la obra del artista valenciano tambi\u00e9n recorrer\u00e1 Espa\u00f1a en una exposici\u00f3n itinerante.<\/p>\n<p>Est\u00e1 comisariada por Blanca Pons-Sorolla, bisnieta de Sorolla y experta en su obra; Consuelo Luca de Tena, exdirectora del Museo Sorolla; y Enrique Varela Ag\u00fc\u00ed, su director actual. En cambio, &#8216;El esplendor del Barroco&#8217; entra de ello en el siglo XVII, cuando la pintura evoluciona hacia el naturalismo tenebrista de acuerdo a los preceptos posteriores al Concilio de Trento. Francisco Ribalta y su hijo Juan Ribaltason las figuras centrales de la producci\u00f3n pict\u00f3rica valenciana, adem\u00e1s de Pedro Orrente y Jer\u00f3nimo Jacinto de Espinosa. &#8216;De la foscor a la llum&#8217; (&#8216;De la oscuridad a la luz&#8217;) recoge cinco siglos de arte valenciano, en los que destaca especialmente \u00abel pintor de la luz\u00bb. La colecci\u00f3n hist\u00f3rico-art\u00edstica municipal cuenta con siete obras del maestro de la luz, que se localizan en la Casa Museo Benlliure (4), el Museo de la Ciudad (2) y el Sal\u00f3n Pompeyano (1).<\/p>\n<p>Este museo, que fue la residencia y estudio del pintor, alberga una colecci\u00f3n extensa de sus obras. Sobre lo que m\u00e1s destacan los visitantes sus obras, Varela ha hecho alusi\u00f3n a su luz y su &quot;alta calidad&quot;, as\u00ed como el &quot;car\u00e1cter hedonista&quot; y de &quot;felicidad&quot; del pintor. El Museo Nacional del Prado no se ha querido perder el homenaje a Joaqu\u00edn Sorolla por el centenario de su muerte. No podemos estar hablando de otro artista que Sorolla, el pintor impresionista que captur\u00f3 paisajes de luz a pinceladas y que ha dejado un gran patrimonio art\u00edstico espa\u00f1ol. Su existencia se debe a Clotilde Garc\u00eda del Castillo, mujer del pintor, que tras el fallecimiento de este hizo todo lo que estuvo en su mano para conservar su obra.<\/p>\n","protected":false},"excerpt":{"rendered":"<p>Content Otras rutas de inter\u00e9s. Atropello de autob\u00fas en el barrio de Salamanca Joaqu\u00edn Sorolla, la luz en el tiempo Val\u00e8ncia dise\u00f1a la ruta Sorolla para conmemorar el centenario de la muerte del pintor Los cuadros del jard\u00edn de Sorolla son las obras de un pintor sabio y maduro, que, en la cumbre de su [&hellip;]<\/p>\n","protected":false},"author":4,"featured_media":0,"comment_status":"open","ping_status":"open","sticky":false,"template":"","format":"standard","meta":{"footnotes":""},"categories":[50],"tags":[],"class_list":["post-6603","post","type-post","status-publish","format-standard","hentry","category-centenariosorolla-es"],"yoast_head":"<!-- This site is optimized with the Yoast SEO plugin v26.2 - https:\/\/yoast.com\/wordpress\/plugins\/seo\/ -->\n<title>MADRID Vuelta a &#039;Or\u00edgenes&#039; de Sorolla en una exposici\u00f3n el a\u00f1o de su centenario - cafe95.com.au<\/title>\n<meta name=\"robots\" content=\"index, follow, max-snippet:-1, max-image-preview:large, max-video-preview:-1\" \/>\n<link rel=\"canonical\" href=\"https:\/\/cafe95.com.au\/index.php\/2026\/03\/02\/madrid-vuelta-a-origenes-de-sorolla-en-una\/\" \/>\n<meta property=\"og:locale\" content=\"en_US\" \/>\n<meta property=\"og:type\" content=\"article\" \/>\n<meta property=\"og:title\" content=\"MADRID Vuelta a &#039;Or\u00edgenes&#039; de Sorolla en una exposici\u00f3n el a\u00f1o de su centenario - cafe95.com.au\" \/>\n<meta property=\"og:description\" content=\"Content Otras rutas de inter\u00e9s. Atropello de autob\u00fas en el barrio de Salamanca Joaqu\u00edn Sorolla, la luz en el tiempo Val\u00e8ncia dise\u00f1a la ruta Sorolla para conmemorar el centenario de la muerte del pintor Los cuadros del jard\u00edn de Sorolla son las obras de un pintor sabio y maduro, que, en la cumbre de su [&hellip;]\" \/>\n<meta property=\"og:url\" content=\"https:\/\/cafe95.com.au\/index.php\/2026\/03\/02\/madrid-vuelta-a-origenes-de-sorolla-en-una\/\" \/>\n<meta property=\"og:site_name\" content=\"cafe95.com.au\" \/>\n<meta property=\"article:published_time\" content=\"2026-03-02T18:55:15+00:00\" \/>\n<meta name=\"author\" content=\"admlnlx\" \/>\n<meta name=\"twitter:card\" content=\"summary_large_image\" \/>\n<meta name=\"twitter:label1\" content=\"Written by\" \/>\n\t<meta name=\"twitter:data1\" content=\"admlnlx\" \/>\n\t<meta name=\"twitter:label2\" content=\"Est. reading time\" \/>\n\t<meta name=\"twitter:data2\" content=\"7 minutes\" \/>\n<script type=\"application\/ld+json\" class=\"yoast-schema-graph\">{\"@context\":\"https:\/\/schema.org\",\"@graph\":[{\"@type\":\"Article\",\"@id\":\"https:\/\/cafe95.com.au\/index.php\/2026\/03\/02\/madrid-vuelta-a-origenes-de-sorolla-en-una\/#article\",\"isPartOf\":{\"@id\":\"https:\/\/cafe95.com.au\/index.php\/2026\/03\/02\/madrid-vuelta-a-origenes-de-sorolla-en-una\/\"},\"author\":{\"name\":\"admlnlx\",\"@id\":\"https:\/\/cafe95.com.au\/#\/schema\/person\/47ec1202bf1f3a6d9fabb300847f84e6\"},\"headline\":\"MADRID Vuelta a &#8216;Or\u00edgenes&#8217; de Sorolla en una exposici\u00f3n el a\u00f1o de su centenario\",\"datePublished\":\"2026-03-02T18:55:15+00:00\",\"mainEntityOfPage\":{\"@id\":\"https:\/\/cafe95.com.au\/index.php\/2026\/03\/02\/madrid-vuelta-a-origenes-de-sorolla-en-una\/\"},\"wordCount\":1339,\"commentCount\":0,\"publisher\":{\"@id\":\"https:\/\/cafe95.com.au\/#organization\"},\"articleSection\":[\"centenariosorolla.es\"],\"inLanguage\":\"en-US\",\"potentialAction\":[{\"@type\":\"CommentAction\",\"name\":\"Comment\",\"target\":[\"https:\/\/cafe95.com.au\/index.php\/2026\/03\/02\/madrid-vuelta-a-origenes-de-sorolla-en-una\/#respond\"]}]},{\"@type\":\"WebPage\",\"@id\":\"https:\/\/cafe95.com.au\/index.php\/2026\/03\/02\/madrid-vuelta-a-origenes-de-sorolla-en-una\/\",\"url\":\"https:\/\/cafe95.com.au\/index.php\/2026\/03\/02\/madrid-vuelta-a-origenes-de-sorolla-en-una\/\",\"name\":\"MADRID Vuelta a 'Or\u00edgenes' de Sorolla en una exposici\u00f3n el a\u00f1o de su centenario - cafe95.com.au\",\"isPartOf\":{\"@id\":\"https:\/\/cafe95.com.au\/#website\"},\"datePublished\":\"2026-03-02T18:55:15+00:00\",\"breadcrumb\":{\"@id\":\"https:\/\/cafe95.com.au\/index.php\/2026\/03\/02\/madrid-vuelta-a-origenes-de-sorolla-en-una\/#breadcrumb\"},\"inLanguage\":\"en-US\",\"potentialAction\":[{\"@type\":\"ReadAction\",\"target\":[\"https:\/\/cafe95.com.au\/index.php\/2026\/03\/02\/madrid-vuelta-a-origenes-de-sorolla-en-una\/\"]}]},{\"@type\":\"BreadcrumbList\",\"@id\":\"https:\/\/cafe95.com.au\/index.php\/2026\/03\/02\/madrid-vuelta-a-origenes-de-sorolla-en-una\/#breadcrumb\",\"itemListElement\":[{\"@type\":\"ListItem\",\"position\":1,\"name\":\"Home\",\"item\":\"https:\/\/cafe95.com.au\/\"},{\"@type\":\"ListItem\",\"position\":2,\"name\":\"MADRID Vuelta a &#8216;Or\u00edgenes&#8217; de Sorolla en una exposici\u00f3n el a\u00f1o de su centenario\"}]},{\"@type\":\"WebSite\",\"@id\":\"https:\/\/cafe95.com.au\/#website\",\"url\":\"https:\/\/cafe95.com.au\/\",\"name\":\"cafe95.com.au\",\"description\":\"\",\"publisher\":{\"@id\":\"https:\/\/cafe95.com.au\/#organization\"},\"potentialAction\":[{\"@type\":\"SearchAction\",\"target\":{\"@type\":\"EntryPoint\",\"urlTemplate\":\"https:\/\/cafe95.com.au\/?s={search_term_string}\"},\"query-input\":{\"@type\":\"PropertyValueSpecification\",\"valueRequired\":true,\"valueName\":\"search_term_string\"}}],\"inLanguage\":\"en-US\"},{\"@type\":\"Organization\",\"@id\":\"https:\/\/cafe95.com.au\/#organization\",\"name\":\"cafe95.com.au\",\"url\":\"https:\/\/cafe95.com.au\/\",\"logo\":{\"@type\":\"ImageObject\",\"inLanguage\":\"en-US\",\"@id\":\"https:\/\/cafe95.com.au\/#\/schema\/logo\/image\/\",\"url\":\"https:\/\/cafe95.com.au\/wp-content\/uploads\/2025\/10\/Cafe-95-logo.png\",\"contentUrl\":\"https:\/\/cafe95.com.au\/wp-content\/uploads\/2025\/10\/Cafe-95-logo.png\",\"width\":500,\"height\":500,\"caption\":\"cafe95.com.au\"},\"image\":{\"@id\":\"https:\/\/cafe95.com.au\/#\/schema\/logo\/image\/\"}},{\"@type\":\"Person\",\"@id\":\"https:\/\/cafe95.com.au\/#\/schema\/person\/47ec1202bf1f3a6d9fabb300847f84e6\",\"name\":\"admlnlx\",\"image\":{\"@type\":\"ImageObject\",\"inLanguage\":\"en-US\",\"@id\":\"https:\/\/cafe95.com.au\/#\/schema\/person\/image\/\",\"url\":\"https:\/\/secure.gravatar.com\/avatar\/a93d48edbbbd1ec44b3363decaab43c95e33c3e08964adb9df8fc7c357229752?s=96&d=mm&r=g\",\"contentUrl\":\"https:\/\/secure.gravatar.com\/avatar\/a93d48edbbbd1ec44b3363decaab43c95e33c3e08964adb9df8fc7c357229752?s=96&d=mm&r=g\",\"caption\":\"admlnlx\"},\"url\":\"https:\/\/cafe95.com.au\/index.php\/author\/admlnlx\/\"}]}<\/script>\n<!-- \/ Yoast SEO plugin. -->","yoast_head_json":{"title":"MADRID Vuelta a 'Or\u00edgenes' de Sorolla en una exposici\u00f3n el a\u00f1o de su centenario - cafe95.com.au","robots":{"index":"index","follow":"follow","max-snippet":"max-snippet:-1","max-image-preview":"max-image-preview:large","max-video-preview":"max-video-preview:-1"},"canonical":"https:\/\/cafe95.com.au\/index.php\/2026\/03\/02\/madrid-vuelta-a-origenes-de-sorolla-en-una\/","og_locale":"en_US","og_type":"article","og_title":"MADRID Vuelta a 'Or\u00edgenes' de Sorolla en una exposici\u00f3n el a\u00f1o de su centenario - cafe95.com.au","og_description":"Content Otras rutas de inter\u00e9s. Atropello de autob\u00fas en el barrio de Salamanca Joaqu\u00edn Sorolla, la luz en el tiempo Val\u00e8ncia dise\u00f1a la ruta Sorolla para conmemorar el centenario de la muerte del pintor Los cuadros del jard\u00edn de Sorolla son las obras de un pintor sabio y maduro, que, en la cumbre de su [&hellip;]","og_url":"https:\/\/cafe95.com.au\/index.php\/2026\/03\/02\/madrid-vuelta-a-origenes-de-sorolla-en-una\/","og_site_name":"cafe95.com.au","article_published_time":"2026-03-02T18:55:15+00:00","author":"admlnlx","twitter_card":"summary_large_image","twitter_misc":{"Written by":"admlnlx","Est. reading time":"7 minutes"},"schema":{"@context":"https:\/\/schema.org","@graph":[{"@type":"Article","@id":"https:\/\/cafe95.com.au\/index.php\/2026\/03\/02\/madrid-vuelta-a-origenes-de-sorolla-en-una\/#article","isPartOf":{"@id":"https:\/\/cafe95.com.au\/index.php\/2026\/03\/02\/madrid-vuelta-a-origenes-de-sorolla-en-una\/"},"author":{"name":"admlnlx","@id":"https:\/\/cafe95.com.au\/#\/schema\/person\/47ec1202bf1f3a6d9fabb300847f84e6"},"headline":"MADRID Vuelta a &#8216;Or\u00edgenes&#8217; de Sorolla en una exposici\u00f3n el a\u00f1o de su centenario","datePublished":"2026-03-02T18:55:15+00:00","mainEntityOfPage":{"@id":"https:\/\/cafe95.com.au\/index.php\/2026\/03\/02\/madrid-vuelta-a-origenes-de-sorolla-en-una\/"},"wordCount":1339,"commentCount":0,"publisher":{"@id":"https:\/\/cafe95.com.au\/#organization"},"articleSection":["centenariosorolla.es"],"inLanguage":"en-US","potentialAction":[{"@type":"CommentAction","name":"Comment","target":["https:\/\/cafe95.com.au\/index.php\/2026\/03\/02\/madrid-vuelta-a-origenes-de-sorolla-en-una\/#respond"]}]},{"@type":"WebPage","@id":"https:\/\/cafe95.com.au\/index.php\/2026\/03\/02\/madrid-vuelta-a-origenes-de-sorolla-en-una\/","url":"https:\/\/cafe95.com.au\/index.php\/2026\/03\/02\/madrid-vuelta-a-origenes-de-sorolla-en-una\/","name":"MADRID Vuelta a 'Or\u00edgenes' de Sorolla en una exposici\u00f3n el a\u00f1o de su centenario - cafe95.com.au","isPartOf":{"@id":"https:\/\/cafe95.com.au\/#website"},"datePublished":"2026-03-02T18:55:15+00:00","breadcrumb":{"@id":"https:\/\/cafe95.com.au\/index.php\/2026\/03\/02\/madrid-vuelta-a-origenes-de-sorolla-en-una\/#breadcrumb"},"inLanguage":"en-US","potentialAction":[{"@type":"ReadAction","target":["https:\/\/cafe95.com.au\/index.php\/2026\/03\/02\/madrid-vuelta-a-origenes-de-sorolla-en-una\/"]}]},{"@type":"BreadcrumbList","@id":"https:\/\/cafe95.com.au\/index.php\/2026\/03\/02\/madrid-vuelta-a-origenes-de-sorolla-en-una\/#breadcrumb","itemListElement":[{"@type":"ListItem","position":1,"name":"Home","item":"https:\/\/cafe95.com.au\/"},{"@type":"ListItem","position":2,"name":"MADRID Vuelta a &#8216;Or\u00edgenes&#8217; de Sorolla en una exposici\u00f3n el a\u00f1o de su centenario"}]},{"@type":"WebSite","@id":"https:\/\/cafe95.com.au\/#website","url":"https:\/\/cafe95.com.au\/","name":"cafe95.com.au","description":"","publisher":{"@id":"https:\/\/cafe95.com.au\/#organization"},"potentialAction":[{"@type":"SearchAction","target":{"@type":"EntryPoint","urlTemplate":"https:\/\/cafe95.com.au\/?s={search_term_string}"},"query-input":{"@type":"PropertyValueSpecification","valueRequired":true,"valueName":"search_term_string"}}],"inLanguage":"en-US"},{"@type":"Organization","@id":"https:\/\/cafe95.com.au\/#organization","name":"cafe95.com.au","url":"https:\/\/cafe95.com.au\/","logo":{"@type":"ImageObject","inLanguage":"en-US","@id":"https:\/\/cafe95.com.au\/#\/schema\/logo\/image\/","url":"https:\/\/cafe95.com.au\/wp-content\/uploads\/2025\/10\/Cafe-95-logo.png","contentUrl":"https:\/\/cafe95.com.au\/wp-content\/uploads\/2025\/10\/Cafe-95-logo.png","width":500,"height":500,"caption":"cafe95.com.au"},"image":{"@id":"https:\/\/cafe95.com.au\/#\/schema\/logo\/image\/"}},{"@type":"Person","@id":"https:\/\/cafe95.com.au\/#\/schema\/person\/47ec1202bf1f3a6d9fabb300847f84e6","name":"admlnlx","image":{"@type":"ImageObject","inLanguage":"en-US","@id":"https:\/\/cafe95.com.au\/#\/schema\/person\/image\/","url":"https:\/\/secure.gravatar.com\/avatar\/a93d48edbbbd1ec44b3363decaab43c95e33c3e08964adb9df8fc7c357229752?s=96&d=mm&r=g","contentUrl":"https:\/\/secure.gravatar.com\/avatar\/a93d48edbbbd1ec44b3363decaab43c95e33c3e08964adb9df8fc7c357229752?s=96&d=mm&r=g","caption":"admlnlx"},"url":"https:\/\/cafe95.com.au\/index.php\/author\/admlnlx\/"}]}},"_links":{"self":[{"href":"https:\/\/cafe95.com.au\/index.php\/wp-json\/wp\/v2\/posts\/6603","targetHints":{"allow":["GET"]}}],"collection":[{"href":"https:\/\/cafe95.com.au\/index.php\/wp-json\/wp\/v2\/posts"}],"about":[{"href":"https:\/\/cafe95.com.au\/index.php\/wp-json\/wp\/v2\/types\/post"}],"author":[{"embeddable":true,"href":"https:\/\/cafe95.com.au\/index.php\/wp-json\/wp\/v2\/users\/4"}],"replies":[{"embeddable":true,"href":"https:\/\/cafe95.com.au\/index.php\/wp-json\/wp\/v2\/comments?post=6603"}],"version-history":[{"count":0,"href":"https:\/\/cafe95.com.au\/index.php\/wp-json\/wp\/v2\/posts\/6603\/revisions"}],"wp:attachment":[{"href":"https:\/\/cafe95.com.au\/index.php\/wp-json\/wp\/v2\/media?parent=6603"}],"wp:term":[{"taxonomy":"category","embeddable":true,"href":"https:\/\/cafe95.com.au\/index.php\/wp-json\/wp\/v2\/categories?post=6603"},{"taxonomy":"post_tag","embeddable":true,"href":"https:\/\/cafe95.com.au\/index.php\/wp-json\/wp\/v2\/tags?post=6603"}],"curies":[{"name":"wp","href":"https:\/\/api.w.org\/{rel}","templated":true}]}}