{"id":7288,"date":"2026-06-03T20:42:45","date_gmt":"2026-06-03T20:42:45","guid":{"rendered":"https:\/\/cafe95.com.au\/?p=7288"},"modified":"2026-06-03T20:42:45","modified_gmt":"2026-06-03T20:42:45","slug":"sorolla-cien-anos-de-modernidad-pone-el-broche","status":"publish","type":"post","link":"https:\/\/cafe95.com.au\/index.php\/2026\/06\/03\/sorolla-cien-anos-de-modernidad-pone-el-broche\/","title":{"rendered":"&#8216;Sorolla, cien a\u00f1os de modernidad&#8217; pone el broche final al centenario del pintor valenciano"},"content":{"rendered":"<div id=\"toc\" style=\"background: #f9f9f9;border: 1px solid #aaa;display: table;margin-bottom: 1em;padding: 1em;width: 350px;\">\n<p class=\"toctitle\" style=\"font-weight: 700;text-align: center;\">Content<\/p>\n<ul class=\"toc_list\">\n<li><a href=\"#toc-1\">El hospital Vithas Madrid La Milagrosa impulsa su modelo oncol\u00f3gico de alta especializaci\u00f3n con un nuevo&#8230;<\/a><\/li>\n<li><a href=\"#toc-3\">Comienza el exilio pol\u00edtico de espa\u00f1oles<\/a><\/li>\n<li><a href=\"#toc-4\">Informaci\u00f3n de inter\u00e9s sobre Sorolla. Or\u00edgenes<\/a><\/li>\n<li><a href=\"#toc-5\">Santa Eul\u00e0ria acoge el premiado espect\u00e1culo circense SinSolo<\/a><\/li>\n<\/ul>\n<\/div>\n<p>Seguir los pasos de Sorolla puede resultar agotador, pero es necesario ya que la esencia misma de su pintura est\u00e1 indisolublemente ligada al concepto del viaje. Sus paisajes y escenas costumbristas est\u00e1n impregnados de la luz cegadora del sol valenciano y de los reflejos del mar. Es uno de los artistas m\u00e1s destacados de la pintura espa\u00f1ola del siglo XIX y principios del siglo XX. Las colecciones del museo est\u00e1n compuestas por obras del propio Sorolla, objetos personales, as\u00ed como muchos otros que como coleccionista reuni\u00f3 durante su vida. Del mismo modo, entre la colecci\u00f3n se encuentran obras de sus familiares m\u00e1s allegados, como sus hijas Mar\u00eda y Helena Sorolla, y de su yerno, Francisco Pons Arnau.<\/p>\n<p>Es por tanto una muestra muy novedosa, en la que la mayor\u00eda de las obras son in\u00e9ditas para el p\u00fablico. Esta cita que va a contar con expertos en este artista, ha sido organizada por el museo del pintor cretense. Su directora, Josa Becerril adelanta que \u201cconsistir\u00e1 en cuatro conferencias sobre el valenciano, su trayectoria y esta <a href=\"centenariosorolla.es\">centenariosorolla.es<\/a> exposici\u00f3n\u201d. El Museo Sorolla, museo de titularidad estatal dependiente del Ministerio de Cultura y Deporte, presenta la exposici\u00f3n temporal \u2018Sorolla, viajar para pintar.<\/p>\n<h2 id=\"toc-0\">Sorolla, el triunfo de la luz y el \u00e9xito global iluminan el centenario de su muerte<\/h2>\n<ul>\n<li>Pasados los a\u00f1os, su t\u00edo intent\u00f3 ense\u00f1arle, en vano, el oficio de la cerrajer\u00eda advirtiendo pronto que su verdadera vocaci\u00f3n era la pintura.<\/li>\n<li>Pedro Gil Moreno de Mora en Europa o Jos\u00e9 Artal en la Am\u00e9rica de habla hispana hicieron tanto por el valenciano como la propia excelencia de sus pinceles.<\/li>\n<li>Jaqu\u00edn Sorolla no fue un pintor valenciano o espa\u00f1ol, si es que \u00ablo espa\u00f1ol\u00bb, tal y como ha estudiado Javier Port\u00fas, existe como categor\u00eda art\u00edstica.<\/li>\n<li>Diez a\u00f1os despu\u00e9s de la muerte de Joaqu\u00edn Sorolla, ya en 1933, se inaugur\u00f3 en la playa de la Malvarrosa un monumento dedicado al artista.<\/li>\n<li>Con permiso de Picasso, cuya obra coloniza este 2023 museos e instituciones culturales de Espa\u00f1a y el mundo con motivo de su centenario, 2023 es tambi\u00e9n el A\u00f1o Sorolla.<\/li>\n<\/ul>\n<p>Este museo, que fue la residencia y estudio del pintor, alberga una colecci\u00f3n extensa de sus obras. Sobre lo que m\u00e1s destacan los visitantes sus obras, Varela ha hecho alusi\u00f3n a su luz y su &quot;alta calidad&quot;, as\u00ed como el &quot;car\u00e1cter hedonista&quot; y de &quot;felicidad&quot; del pintor. El Museo Nacional del Prado no se ha querido perder el homenaje a Joaqu\u00edn Sorolla por el centenario de su muerte. No podemos estar hablando de otro artista que Sorolla, el pintor impresionista que captur\u00f3 paisajes de luz a pinceladas y que ha dejado un gran patrimonio art\u00edstico espa\u00f1ol. Su existencia se debe a Clotilde Garc\u00eda del Castillo, mujer del pintor, que tras el fallecimiento de este hizo todo lo que estuvo en su mano para conservar su obra.<\/p>\n<p>La muestra analiza la primera producci\u00f3n art\u00edstica de Sorolla entre los a\u00f1os 1878 hasta 1884, justo antes de su estancia en Roma, uno de los periodos menos conocidos del autor. Las muestras programadas siguen un orden cronol\u00f3gico y se desarrollar\u00e1n entre Madrid, donde se encuentra la casa del artista, y Val\u00e8ncia, su lugar de nacimiento y centro de sus \u00f3leos. De 1912 a 1919 viaj\u00f3 por toda la Pen\u00ednsula pintando estudios de \u00abtipos\u00bb de gran formato, 4 de estas obras se pueden ver en la exposici\u00f3n . En ellas mostraba sus indumentarias tradicionales y la luz de cada lugar, tal y como se refleja en Tipos de Lagartera y Tipos de Salamanca . Desde sus inicios, Joaqu\u00edn Sorolla entendi\u00f3 que el \u00e9xito en exposiciones y salones era la clave para vivir de su arte.<\/p>\n<h3 id=\"toc-1\">El hospital Vithas Madrid La Milagrosa impulsa su modelo oncol\u00f3gico de alta especializaci\u00f3n con un nuevo&#8230;<\/h3>\n<p>Joaqu\u00edn Sorolla naci\u00f3 en Valencia el 27 de febrero de 1863 y fallec\u00eda 60 a\u00f1os m\u00e1s tarde, en 1923, en el municipio madrile\u00f1o de Cercedilla. Incluso la idea de Clotilde de un museo, viene de aquella intenci\u00f3n\u00bb, ha afirmado el bisnieto del artista. Era el d\u00eda de honrar la memoria del genio de la luz, que muri\u00f3 a los 60 a\u00f1os el 10 de agosto de 1923. Tom\u00f3 as\u00ed contacto con las vanguardias europeas, destacando el impacto que le produjeron las obras de los pintores John Singer Sargent, Giovanni Boldini y Anders Zorn. El legado de Sorolla contin\u00faa vivo a trav\u00e9s de las numerosas exposiciones y eventos organizados en su honor.<\/p>\n<h2 id=\"toc-2\">Sorolla, viajar para pintar. Otra visi\u00f3n de Espa\u00f1a<\/h2>\n<p>Si la propuesta se lleva a cabo, y el A\u00f1o Sorolla podr\u00eda propiciarlo, no ser\u00e1 la primera vez que los \u00f3leos que conserva el museo cubano se cuelguen en una sala de exposiciones de la ciudad. Estas permiten profundizar en la primera etapa del pintor como \u2018En la posada\u2019 (1883), \u2018La esclava y la Paloma. Desnudo\u2019 (1883) o \u2018Toma de h\u00e1bito\u2019 (1888), que muestra la maestr\u00eda del pintor con t\u00e9cnicas como la acuarela y el gouache. La muestra ha revivido los pasos de Sorolla, llevando sus obras a los espacios originales donde fueron creadas.<\/p>\n<p>Fundaci\u00f3n Caja Sur C\u00f3rdoba, Colecci\u00f3n CaixaBank y Galer\u00eda Ana Chiclana, a las que se suman obras procedentes de la Fundaci\u00f3n Bancaja y de una veintena de colecciones particulares. Sorolla reuni\u00f3 otros muchos objetos que son el antecedente de las otras colecciones que el museo contiene. Yo conoc\u00eda la existencia de este dibujo, ya que me he dedicado a catalogar la obra de Sorolla, tanto de instituciones como de particulares. La belleza del cuadro, la tem\u00e1tica y el encargo de donde surge la convierten en una obra sumamente interesante. Con el subt\u00edtulo \u2018Otra visi\u00f3n de Espa\u00f1a\u2019, la muestra explora por primera vez la faceta de Sorolla como viajero infatigable y pintor \u2018plenairista\u2019. Ha publicado varios libros y ha colaborado en 15 antolog\u00edas, con traducciones de sus obras al espa\u00f1ol y otros idiomas.<\/p>\n<p>El museo acoge una muestra con un selecto grupo de obras de Giovanni Francesco Barbieri (Cento, 1591\u2013Bolonia, 1666), m\u00e1s conocido como Il Guercino, figura clave en el desarrollo de la pintura barroca del norte de Italia. M\u00e1s tarde se afinc\u00f3 en Madrid en 1890, con una trayectoria profesional de reconocimiento, con varias exposiciones nacionales e internacionales. Sus obras nos acercan a las tardes mediterr\u00e1neas, al agua del mar y la luz de los paisajes c\u00e1lidos que con tanta facilidad consegu\u00eda retratar.<\/p>\n<h2 id=\"toc-4\">Informaci\u00f3n de inter\u00e9s sobre Sorolla. Or\u00edgenes<\/h2>\n<p>Una gran exposici\u00f3n de Joaqu\u00edn Sorolla llegar\u00e1 a Val\u00e8ncia a lo largo de 2023 para conmemorar el centenario de la muerte de uno de los pintores valencianos m\u00e1s universal. La lecci\u00f3n aprendida en los patios y jardines andaluces result\u00f3 crucial para la configuraci\u00f3n del \u201cjard\u00edn de artista\u201d que Sorolla construy\u00f3 en su casa de Madrid y que se convirti\u00f3 en motivo principal de sus \u00faltimas obras. En su mayor parte in\u00e9ditos para el gran p\u00fablico, los cuadros que se exponen nos ofrecen una completa representaci\u00f3n del tema religioso en la pintura de Sorolla.<\/p>\n<p>Desde este Museo Sorolla, y sin fronteras a nuestros prop\u00f3sitos, hemos ampliado la recepci\u00f3n de la figura de nuestro pintor y su mensaje de luz y belleza. Posteriormente, entre 1878 y 1881, el artista valenciano sigui\u00f3 form\u00e1ndose en la Escuela de Bellas Artes de la ciudad. En 1881, instal\u00f3 su primer estudio en la calle de San Mart\u00edn, n.\u00ba 9, y dos a\u00f1os m\u00e1s tard\u00e9 lo traslad\u00f3 a la Calle de la Corona.<\/p>\n","protected":false},"excerpt":{"rendered":"<p>Content El hospital Vithas Madrid La Milagrosa impulsa su modelo oncol\u00f3gico de alta especializaci\u00f3n con un nuevo&#8230; Comienza el exilio pol\u00edtico de espa\u00f1oles Informaci\u00f3n de inter\u00e9s sobre Sorolla. Or\u00edgenes Santa Eul\u00e0ria acoge el premiado espect\u00e1culo circense SinSolo Seguir los pasos de Sorolla puede resultar agotador, pero es necesario ya que la esencia misma de su [&hellip;]<\/p>\n","protected":false},"author":4,"featured_media":0,"comment_status":"open","ping_status":"open","sticky":false,"template":"","format":"standard","meta":{"footnotes":""},"categories":[50],"tags":[],"class_list":["post-7288","post","type-post","status-publish","format-standard","hentry","category-centenariosorolla-es"],"yoast_head":"<!-- This site is optimized with the Yoast SEO plugin v26.2 - https:\/\/yoast.com\/wordpress\/plugins\/seo\/ -->\n<title>&#039;Sorolla, cien a\u00f1os de modernidad&#039; pone el broche final al centenario del pintor valenciano - cafe95.com.au<\/title>\n<meta name=\"robots\" content=\"index, follow, max-snippet:-1, max-image-preview:large, max-video-preview:-1\" \/>\n<link rel=\"canonical\" href=\"https:\/\/cafe95.com.au\/index.php\/2026\/06\/03\/sorolla-cien-anos-de-modernidad-pone-el-broche\/\" \/>\n<meta property=\"og:locale\" content=\"en_US\" \/>\n<meta property=\"og:type\" content=\"article\" \/>\n<meta property=\"og:title\" content=\"&#039;Sorolla, cien a\u00f1os de modernidad&#039; pone el broche final al centenario del pintor valenciano - cafe95.com.au\" \/>\n<meta property=\"og:description\" content=\"Content El hospital Vithas Madrid La Milagrosa impulsa su modelo oncol\u00f3gico de alta especializaci\u00f3n con un nuevo&#8230; Comienza el exilio pol\u00edtico de espa\u00f1oles Informaci\u00f3n de inter\u00e9s sobre Sorolla. Or\u00edgenes Santa Eul\u00e0ria acoge el premiado espect\u00e1culo circense SinSolo Seguir los pasos de Sorolla puede resultar agotador, pero es necesario ya que la esencia misma de su [&hellip;]\" \/>\n<meta property=\"og:url\" content=\"https:\/\/cafe95.com.au\/index.php\/2026\/06\/03\/sorolla-cien-anos-de-modernidad-pone-el-broche\/\" \/>\n<meta property=\"og:site_name\" content=\"cafe95.com.au\" \/>\n<meta property=\"article:published_time\" content=\"2026-06-03T20:42:45+00:00\" \/>\n<meta name=\"author\" content=\"admlnlx\" \/>\n<meta name=\"twitter:card\" content=\"summary_large_image\" \/>\n<meta name=\"twitter:label1\" content=\"Written by\" \/>\n\t<meta name=\"twitter:data1\" content=\"admlnlx\" \/>\n\t<meta name=\"twitter:label2\" content=\"Est. reading time\" \/>\n\t<meta name=\"twitter:data2\" content=\"7 minutes\" \/>\n<script type=\"application\/ld+json\" class=\"yoast-schema-graph\">{\"@context\":\"https:\/\/schema.org\",\"@graph\":[{\"@type\":\"Article\",\"@id\":\"https:\/\/cafe95.com.au\/index.php\/2026\/06\/03\/sorolla-cien-anos-de-modernidad-pone-el-broche\/#article\",\"isPartOf\":{\"@id\":\"https:\/\/cafe95.com.au\/index.php\/2026\/06\/03\/sorolla-cien-anos-de-modernidad-pone-el-broche\/\"},\"author\":{\"name\":\"admlnlx\",\"@id\":\"https:\/\/cafe95.com.au\/#\/schema\/person\/47ec1202bf1f3a6d9fabb300847f84e6\"},\"headline\":\"&#8216;Sorolla, cien a\u00f1os de modernidad&#8217; pone el broche final al centenario del pintor valenciano\",\"datePublished\":\"2026-06-03T20:42:45+00:00\",\"mainEntityOfPage\":{\"@id\":\"https:\/\/cafe95.com.au\/index.php\/2026\/06\/03\/sorolla-cien-anos-de-modernidad-pone-el-broche\/\"},\"wordCount\":1359,\"commentCount\":0,\"publisher\":{\"@id\":\"https:\/\/cafe95.com.au\/#organization\"},\"articleSection\":[\"centenariosorolla.es\"],\"inLanguage\":\"en-US\",\"potentialAction\":[{\"@type\":\"CommentAction\",\"name\":\"Comment\",\"target\":[\"https:\/\/cafe95.com.au\/index.php\/2026\/06\/03\/sorolla-cien-anos-de-modernidad-pone-el-broche\/#respond\"]}]},{\"@type\":\"WebPage\",\"@id\":\"https:\/\/cafe95.com.au\/index.php\/2026\/06\/03\/sorolla-cien-anos-de-modernidad-pone-el-broche\/\",\"url\":\"https:\/\/cafe95.com.au\/index.php\/2026\/06\/03\/sorolla-cien-anos-de-modernidad-pone-el-broche\/\",\"name\":\"'Sorolla, cien a\u00f1os de modernidad' pone el broche final al centenario del pintor valenciano - cafe95.com.au\",\"isPartOf\":{\"@id\":\"https:\/\/cafe95.com.au\/#website\"},\"datePublished\":\"2026-06-03T20:42:45+00:00\",\"breadcrumb\":{\"@id\":\"https:\/\/cafe95.com.au\/index.php\/2026\/06\/03\/sorolla-cien-anos-de-modernidad-pone-el-broche\/#breadcrumb\"},\"inLanguage\":\"en-US\",\"potentialAction\":[{\"@type\":\"ReadAction\",\"target\":[\"https:\/\/cafe95.com.au\/index.php\/2026\/06\/03\/sorolla-cien-anos-de-modernidad-pone-el-broche\/\"]}]},{\"@type\":\"BreadcrumbList\",\"@id\":\"https:\/\/cafe95.com.au\/index.php\/2026\/06\/03\/sorolla-cien-anos-de-modernidad-pone-el-broche\/#breadcrumb\",\"itemListElement\":[{\"@type\":\"ListItem\",\"position\":1,\"name\":\"Home\",\"item\":\"https:\/\/cafe95.com.au\/\"},{\"@type\":\"ListItem\",\"position\":2,\"name\":\"&#8216;Sorolla, cien a\u00f1os de modernidad&#8217; pone el broche final al centenario del pintor valenciano\"}]},{\"@type\":\"WebSite\",\"@id\":\"https:\/\/cafe95.com.au\/#website\",\"url\":\"https:\/\/cafe95.com.au\/\",\"name\":\"cafe95.com.au\",\"description\":\"\",\"publisher\":{\"@id\":\"https:\/\/cafe95.com.au\/#organization\"},\"potentialAction\":[{\"@type\":\"SearchAction\",\"target\":{\"@type\":\"EntryPoint\",\"urlTemplate\":\"https:\/\/cafe95.com.au\/?s={search_term_string}\"},\"query-input\":{\"@type\":\"PropertyValueSpecification\",\"valueRequired\":true,\"valueName\":\"search_term_string\"}}],\"inLanguage\":\"en-US\"},{\"@type\":\"Organization\",\"@id\":\"https:\/\/cafe95.com.au\/#organization\",\"name\":\"cafe95.com.au\",\"url\":\"https:\/\/cafe95.com.au\/\",\"logo\":{\"@type\":\"ImageObject\",\"inLanguage\":\"en-US\",\"@id\":\"https:\/\/cafe95.com.au\/#\/schema\/logo\/image\/\",\"url\":\"https:\/\/cafe95.com.au\/wp-content\/uploads\/2025\/10\/Cafe-95-logo.png\",\"contentUrl\":\"https:\/\/cafe95.com.au\/wp-content\/uploads\/2025\/10\/Cafe-95-logo.png\",\"width\":500,\"height\":500,\"caption\":\"cafe95.com.au\"},\"image\":{\"@id\":\"https:\/\/cafe95.com.au\/#\/schema\/logo\/image\/\"}},{\"@type\":\"Person\",\"@id\":\"https:\/\/cafe95.com.au\/#\/schema\/person\/47ec1202bf1f3a6d9fabb300847f84e6\",\"name\":\"admlnlx\",\"image\":{\"@type\":\"ImageObject\",\"inLanguage\":\"en-US\",\"@id\":\"https:\/\/cafe95.com.au\/#\/schema\/person\/image\/\",\"url\":\"https:\/\/secure.gravatar.com\/avatar\/a93d48edbbbd1ec44b3363decaab43c95e33c3e08964adb9df8fc7c357229752?s=96&d=mm&r=g\",\"contentUrl\":\"https:\/\/secure.gravatar.com\/avatar\/a93d48edbbbd1ec44b3363decaab43c95e33c3e08964adb9df8fc7c357229752?s=96&d=mm&r=g\",\"caption\":\"admlnlx\"},\"url\":\"https:\/\/cafe95.com.au\/index.php\/author\/admlnlx\/\"}]}<\/script>\n<!-- \/ Yoast SEO plugin. -->","yoast_head_json":{"title":"'Sorolla, cien a\u00f1os de modernidad' pone el broche final al centenario del pintor valenciano - cafe95.com.au","robots":{"index":"index","follow":"follow","max-snippet":"max-snippet:-1","max-image-preview":"max-image-preview:large","max-video-preview":"max-video-preview:-1"},"canonical":"https:\/\/cafe95.com.au\/index.php\/2026\/06\/03\/sorolla-cien-anos-de-modernidad-pone-el-broche\/","og_locale":"en_US","og_type":"article","og_title":"'Sorolla, cien a\u00f1os de modernidad' pone el broche final al centenario del pintor valenciano - cafe95.com.au","og_description":"Content El hospital Vithas Madrid La Milagrosa impulsa su modelo oncol\u00f3gico de alta especializaci\u00f3n con un nuevo&#8230; Comienza el exilio pol\u00edtico de espa\u00f1oles Informaci\u00f3n de inter\u00e9s sobre Sorolla. Or\u00edgenes Santa Eul\u00e0ria acoge el premiado espect\u00e1culo circense SinSolo Seguir los pasos de Sorolla puede resultar agotador, pero es necesario ya que la esencia misma de su [&hellip;]","og_url":"https:\/\/cafe95.com.au\/index.php\/2026\/06\/03\/sorolla-cien-anos-de-modernidad-pone-el-broche\/","og_site_name":"cafe95.com.au","article_published_time":"2026-06-03T20:42:45+00:00","author":"admlnlx","twitter_card":"summary_large_image","twitter_misc":{"Written by":"admlnlx","Est. reading time":"7 minutes"},"schema":{"@context":"https:\/\/schema.org","@graph":[{"@type":"Article","@id":"https:\/\/cafe95.com.au\/index.php\/2026\/06\/03\/sorolla-cien-anos-de-modernidad-pone-el-broche\/#article","isPartOf":{"@id":"https:\/\/cafe95.com.au\/index.php\/2026\/06\/03\/sorolla-cien-anos-de-modernidad-pone-el-broche\/"},"author":{"name":"admlnlx","@id":"https:\/\/cafe95.com.au\/#\/schema\/person\/47ec1202bf1f3a6d9fabb300847f84e6"},"headline":"&#8216;Sorolla, cien a\u00f1os de modernidad&#8217; pone el broche final al centenario del pintor valenciano","datePublished":"2026-06-03T20:42:45+00:00","mainEntityOfPage":{"@id":"https:\/\/cafe95.com.au\/index.php\/2026\/06\/03\/sorolla-cien-anos-de-modernidad-pone-el-broche\/"},"wordCount":1359,"commentCount":0,"publisher":{"@id":"https:\/\/cafe95.com.au\/#organization"},"articleSection":["centenariosorolla.es"],"inLanguage":"en-US","potentialAction":[{"@type":"CommentAction","name":"Comment","target":["https:\/\/cafe95.com.au\/index.php\/2026\/06\/03\/sorolla-cien-anos-de-modernidad-pone-el-broche\/#respond"]}]},{"@type":"WebPage","@id":"https:\/\/cafe95.com.au\/index.php\/2026\/06\/03\/sorolla-cien-anos-de-modernidad-pone-el-broche\/","url":"https:\/\/cafe95.com.au\/index.php\/2026\/06\/03\/sorolla-cien-anos-de-modernidad-pone-el-broche\/","name":"'Sorolla, cien a\u00f1os de modernidad' pone el broche final al centenario del pintor valenciano - cafe95.com.au","isPartOf":{"@id":"https:\/\/cafe95.com.au\/#website"},"datePublished":"2026-06-03T20:42:45+00:00","breadcrumb":{"@id":"https:\/\/cafe95.com.au\/index.php\/2026\/06\/03\/sorolla-cien-anos-de-modernidad-pone-el-broche\/#breadcrumb"},"inLanguage":"en-US","potentialAction":[{"@type":"ReadAction","target":["https:\/\/cafe95.com.au\/index.php\/2026\/06\/03\/sorolla-cien-anos-de-modernidad-pone-el-broche\/"]}]},{"@type":"BreadcrumbList","@id":"https:\/\/cafe95.com.au\/index.php\/2026\/06\/03\/sorolla-cien-anos-de-modernidad-pone-el-broche\/#breadcrumb","itemListElement":[{"@type":"ListItem","position":1,"name":"Home","item":"https:\/\/cafe95.com.au\/"},{"@type":"ListItem","position":2,"name":"&#8216;Sorolla, cien a\u00f1os de modernidad&#8217; pone el broche final al centenario del pintor valenciano"}]},{"@type":"WebSite","@id":"https:\/\/cafe95.com.au\/#website","url":"https:\/\/cafe95.com.au\/","name":"cafe95.com.au","description":"","publisher":{"@id":"https:\/\/cafe95.com.au\/#organization"},"potentialAction":[{"@type":"SearchAction","target":{"@type":"EntryPoint","urlTemplate":"https:\/\/cafe95.com.au\/?s={search_term_string}"},"query-input":{"@type":"PropertyValueSpecification","valueRequired":true,"valueName":"search_term_string"}}],"inLanguage":"en-US"},{"@type":"Organization","@id":"https:\/\/cafe95.com.au\/#organization","name":"cafe95.com.au","url":"https:\/\/cafe95.com.au\/","logo":{"@type":"ImageObject","inLanguage":"en-US","@id":"https:\/\/cafe95.com.au\/#\/schema\/logo\/image\/","url":"https:\/\/cafe95.com.au\/wp-content\/uploads\/2025\/10\/Cafe-95-logo.png","contentUrl":"https:\/\/cafe95.com.au\/wp-content\/uploads\/2025\/10\/Cafe-95-logo.png","width":500,"height":500,"caption":"cafe95.com.au"},"image":{"@id":"https:\/\/cafe95.com.au\/#\/schema\/logo\/image\/"}},{"@type":"Person","@id":"https:\/\/cafe95.com.au\/#\/schema\/person\/47ec1202bf1f3a6d9fabb300847f84e6","name":"admlnlx","image":{"@type":"ImageObject","inLanguage":"en-US","@id":"https:\/\/cafe95.com.au\/#\/schema\/person\/image\/","url":"https:\/\/secure.gravatar.com\/avatar\/a93d48edbbbd1ec44b3363decaab43c95e33c3e08964adb9df8fc7c357229752?s=96&d=mm&r=g","contentUrl":"https:\/\/secure.gravatar.com\/avatar\/a93d48edbbbd1ec44b3363decaab43c95e33c3e08964adb9df8fc7c357229752?s=96&d=mm&r=g","caption":"admlnlx"},"url":"https:\/\/cafe95.com.au\/index.php\/author\/admlnlx\/"}]}},"_links":{"self":[{"href":"https:\/\/cafe95.com.au\/index.php\/wp-json\/wp\/v2\/posts\/7288","targetHints":{"allow":["GET"]}}],"collection":[{"href":"https:\/\/cafe95.com.au\/index.php\/wp-json\/wp\/v2\/posts"}],"about":[{"href":"https:\/\/cafe95.com.au\/index.php\/wp-json\/wp\/v2\/types\/post"}],"author":[{"embeddable":true,"href":"https:\/\/cafe95.com.au\/index.php\/wp-json\/wp\/v2\/users\/4"}],"replies":[{"embeddable":true,"href":"https:\/\/cafe95.com.au\/index.php\/wp-json\/wp\/v2\/comments?post=7288"}],"version-history":[{"count":1,"href":"https:\/\/cafe95.com.au\/index.php\/wp-json\/wp\/v2\/posts\/7288\/revisions"}],"predecessor-version":[{"id":24597,"href":"https:\/\/cafe95.com.au\/index.php\/wp-json\/wp\/v2\/posts\/7288\/revisions\/24597"}],"wp:attachment":[{"href":"https:\/\/cafe95.com.au\/index.php\/wp-json\/wp\/v2\/media?parent=7288"}],"wp:term":[{"taxonomy":"category","embeddable":true,"href":"https:\/\/cafe95.com.au\/index.php\/wp-json\/wp\/v2\/categories?post=7288"},{"taxonomy":"post_tag","embeddable":true,"href":"https:\/\/cafe95.com.au\/index.php\/wp-json\/wp\/v2\/tags?post=7288"}],"curies":[{"name":"wp","href":"https:\/\/api.w.org\/{rel}","templated":true}]}}